{"id":1841,"date":"2025-09-15T08:15:36","date_gmt":"2025-09-15T08:15:36","guid":{"rendered":"https:\/\/www.segurosgarroferals.es\/?p=1841"},"modified":"2025-09-15T08:15:37","modified_gmt":"2025-09-15T08:15:37","slug":"garroferals-amplia-su-oferta-y-ya-tramita-seguros-para-patinetes-electricos","status":"publish","type":"post","link":"https:\/\/www.segurosgarroferals.es\/index.php\/2025\/09\/15\/garroferals-amplia-su-oferta-y-ya-tramita-seguros-para-patinetes-electricos\/","title":{"rendered":"Garroferals ampl\u00eda su oferta y ya tramita seguros para patinetes el\u00e9ctricos"},"content":{"rendered":"\n<p>La movilidad urbana en Espa\u00f1a vive un punto de inflexi\u00f3n. A partir de enero de 2026, los propietarios de patinetes el\u00e9ctricos estar\u00e1n obligados a contar con un seguro de responsabilidad civil para poder circular, seg\u00fan establece la nueva Ley de Seguros de Autom\u00f3viles publicada en el BOE el 24 de julio de 2025.<\/p>\n\n\n\n<p>Ante este cambio normativo, <strong>Garroferals, la corredur\u00eda de seguros de AVA-ASAJA, ha incorporado a su cat\u00e1logo la contrataci\u00f3n de p\u00f3lizas espec\u00edficas para patinetes el\u00e9ctricos<\/strong>, ofreciendo a los usuarios la posibilidad de adaptarse con antelaci\u00f3n a las nuevas exigencias legales.<\/p>\n\n\n\n<p>La ley ampl\u00eda el concepto de \u201cveh\u00edculo a motor\u201d e incluye, por primera vez, a los veh\u00edculos de movilidad personal en el r\u00e9gimen del seguro obligatorio. Hasta ahora, solo algunos ayuntamientos hab\u00edan exigido este requisito, pero a partir de 2026 ser\u00e1 aplicable en todo el territorio nacional. El objetivo es doble: <strong>reforzar la seguridad vial y garantizar una cobertura real a las v\u00edctimas en caso de accidente<\/strong>.<\/p>\n\n\n\n<p>El texto legal contempla un periodo transitorio de seis meses desde su entrada en vigor. Durante este tiempo, el Consorcio de Compensaci\u00f3n de Seguros asumir\u00e1 las indemnizaciones derivadas de accidentes, aunque posteriormente podr\u00e1 reclamar los importes al propietario del patinete en caso de negligencia o manipulaci\u00f3n.<\/p>\n\n\n\n<p>Para contratar el seguro, los patinetes deber\u00e1n estar registrados en la Direcci\u00f3n General de Tr\u00e1fico, contar con certificado de circulaci\u00f3n y llevar matr\u00edcula o etiqueta identificativa.<\/p>\n\n\n\n<p>Esta nueva obligaci\u00f3n se suma a las medidas de la DGT en vigor desde enero de 2024, que solo permiten la venta de patinetes que cumplan con el Manual de Caracter\u00edsticas de los Veh\u00edculos de Movilidad Personal. Los modelos anteriores disponen de una moratoria hasta 2027 para adaptarse.<\/p>\n\n\n\n<p>Desde Garroferals recuerdan que \u201cla corredur\u00eda lleva a\u00f1os trabajando para ofrecer soluciones aseguradoras a medida y ahora damos un paso m\u00e1s, facilitando a los usuarios de patinetes el cumplimiento de la normativa con total seguridad\u201d.<\/p>\n\n\n\n<p>Con esta iniciativa, la corredur\u00eda de AVA-ASAJA se posiciona como <strong>referente en la gesti\u00f3n de seguros no solo agrarios, sino tambi\u00e9n vinculados a la movilidad urbana<\/strong>, respondiendo as\u00ed a una demanda creciente en las ciudades espa\u00f1olas.<\/p>\n","protected":false},"excerpt":{"rendered":"<p>La movilidad urbana en Espa\u00f1a vive un punto de inflexi\u00f3n. A partir de enero de 2026, los propietarios de patinetes el\u00e9ctricos estar\u00e1n obligados a contar con un seguro de responsabilidad &#8230;<\/p>\n","protected":false},"author":1,"featured_media":1844,"comment_status":"open","ping_status":"open","sticky":false,"template":"","format":"standard","meta":{"_seopress_robots_primary_cat":"none","_seopress_titles_title":"","_seopress_titles_desc":"","_seopress_robots_index":""},"categories":[46],"tags":[],"yoast_head":"<!-- This site is optimized with the Yoast SEO plugin v18.4.1 - https:\/\/yoast.com\/wordpress\/plugins\/seo\/ -->\n<title>Garroferals ampl\u00eda su oferta y ya tramita seguros para patinetes el\u00e9ctricos - Seguros Garroferals<\/title>\n<meta name=\"robots\" content=\"index, follow, max-snippet:-1, max-image-preview:large, max-video-preview:-1\" \/>\n<link rel=\"canonical\" href=\"https:\/\/www.segurosgarroferals.es\/index.php\/2025\/09\/15\/garroferals-amplia-su-oferta-y-ya-tramita-seguros-para-patinetes-electricos\/\" \/>\n<meta property=\"og:locale\" content=\"es_ES\" \/>\n<meta property=\"og:type\" content=\"article\" \/>\n<meta property=\"og:title\" content=\"Garroferals ampl\u00eda su oferta y ya tramita seguros para patinetes el\u00e9ctricos - Seguros Garroferals\" \/>\n<meta property=\"og:description\" content=\"La movilidad urbana en Espa\u00f1a vive un punto de inflexi\u00f3n. A partir de enero de 2026, los propietarios de patinetes el\u00e9ctricos estar\u00e1n obligados a contar con un seguro de responsabilidad ...\" \/>\n<meta property=\"og:url\" content=\"https:\/\/www.segurosgarroferals.es\/index.php\/2025\/09\/15\/garroferals-amplia-su-oferta-y-ya-tramita-seguros-para-patinetes-electricos\/\" \/>\n<meta property=\"og:site_name\" content=\"Seguros Garroferals\" \/>\n<meta property=\"article:published_time\" content=\"2025-09-15T08:15:36+00:00\" \/>\n<meta property=\"article:modified_time\" content=\"2025-09-15T08:15:37+00:00\" \/>\n<meta property=\"og:image\" content=\"https:\/\/www.segurosgarroferals.es\/wp-content\/uploads\/2025\/09\/pexels-shvets-production-8972332-scaled.jpg\" \/>\n\t<meta property=\"og:image:width\" content=\"1707\" \/>\n\t<meta property=\"og:image:height\" content=\"2560\" \/>\n\t<meta property=\"og:image:type\" content=\"image\/jpeg\" \/>\n<meta name=\"twitter:card\" content=\"summary_large_image\" \/>\n<meta name=\"twitter:label1\" content=\"Escrito por\" \/>\n\t<meta name=\"twitter:data1\" content=\"admin\" \/>\n\t<meta name=\"twitter:label2\" content=\"Tiempo de lectura\" \/>\n\t<meta name=\"twitter:data2\" content=\"2 minutos\" \/>\n<script type=\"application\/ld+json\" class=\"yoast-schema-graph\">{\"@context\":\"https:\/\/schema.org\",\"@graph\":[{\"@type\":\"Organization\",\"@id\":\"https:\/\/www.segurosgarroferals.es\/#organization\",\"name\":\"Garroferals Corredur\u00eda de Seguros S.L.\",\"url\":\"https:\/\/www.segurosgarroferals.es\/\",\"sameAs\":[\"https:\/\/www.youtube.com\/channel\/UCFg2Q2t8AUAj9pOHvp6UaXw\"],\"logo\":{\"@type\":\"ImageObject\",\"@id\":\"https:\/\/www.segurosgarroferals.es\/#logo\",\"inLanguage\":\"es\",\"url\":\"https:\/\/www.segurosgarroferals.es\/wp-content\/uploads\/2021\/01\/cropped-CABECERA-WEB-GARROFERALS-1-1.png\",\"contentUrl\":\"https:\/\/www.segurosgarroferals.es\/wp-content\/uploads\/2021\/01\/cropped-CABECERA-WEB-GARROFERALS-1-1.png\",\"width\":314,\"height\":123,\"caption\":\"Garroferals Corredur\u00eda de Seguros S.L.\"},\"image\":{\"@id\":\"https:\/\/www.segurosgarroferals.es\/#logo\"}},{\"@type\":\"WebSite\",\"@id\":\"https:\/\/www.segurosgarroferals.es\/#website\",\"url\":\"https:\/\/www.segurosgarroferals.es\/\",\"name\":\"Seguros Garroferals\",\"description\":\"Corredur\u00eda de Seguros\",\"publisher\":{\"@id\":\"https:\/\/www.segurosgarroferals.es\/#organization\"},\"potentialAction\":[{\"@type\":\"SearchAction\",\"target\":{\"@type\":\"EntryPoint\",\"urlTemplate\":\"https:\/\/www.segurosgarroferals.es\/?s={search_term_string}\"},\"query-input\":\"required name=search_term_string\"}],\"inLanguage\":\"es\"},{\"@type\":\"ImageObject\",\"@id\":\"https:\/\/www.segurosgarroferals.es\/index.php\/2025\/09\/15\/garroferals-amplia-su-oferta-y-ya-tramita-seguros-para-patinetes-electricos\/#primaryimage\",\"inLanguage\":\"es\",\"url\":\"https:\/\/www.segurosgarroferals.es\/wp-content\/uploads\/2025\/09\/pexels-shvets-production-8972332-scaled.jpg\",\"contentUrl\":\"https:\/\/www.segurosgarroferals.es\/wp-content\/uploads\/2025\/09\/pexels-shvets-production-8972332-scaled.jpg\",\"width\":1707,\"height\":2560},{\"@type\":\"WebPage\",\"@id\":\"https:\/\/www.segurosgarroferals.es\/index.php\/2025\/09\/15\/garroferals-amplia-su-oferta-y-ya-tramita-seguros-para-patinetes-electricos\/#webpage\",\"url\":\"https:\/\/www.segurosgarroferals.es\/index.php\/2025\/09\/15\/garroferals-amplia-su-oferta-y-ya-tramita-seguros-para-patinetes-electricos\/\",\"name\":\"Garroferals ampl\u00eda su oferta y ya tramita seguros para patinetes el\u00e9ctricos - Seguros Garroferals\",\"isPartOf\":{\"@id\":\"https:\/\/www.segurosgarroferals.es\/#website\"},\"primaryImageOfPage\":{\"@id\":\"https:\/\/www.segurosgarroferals.es\/index.php\/2025\/09\/15\/garroferals-amplia-su-oferta-y-ya-tramita-seguros-para-patinetes-electricos\/#primaryimage\"},\"datePublished\":\"2025-09-15T08:15:36+00:00\",\"dateModified\":\"2025-09-15T08:15:37+00:00\",\"breadcrumb\":{\"@id\":\"https:\/\/www.segurosgarroferals.es\/index.php\/2025\/09\/15\/garroferals-amplia-su-oferta-y-ya-tramita-seguros-para-patinetes-electricos\/#breadcrumb\"},\"inLanguage\":\"es\",\"potentialAction\":[{\"@type\":\"ReadAction\",\"target\":[\"https:\/\/www.segurosgarroferals.es\/index.php\/2025\/09\/15\/garroferals-amplia-su-oferta-y-ya-tramita-seguros-para-patinetes-electricos\/\"]}]},{\"@type\":\"BreadcrumbList\",\"@id\":\"https:\/\/www.segurosgarroferals.es\/index.php\/2025\/09\/15\/garroferals-amplia-su-oferta-y-ya-tramita-seguros-para-patinetes-electricos\/#breadcrumb\",\"itemListElement\":[{\"@type\":\"ListItem\",\"position\":1,\"name\":\"Portada\",\"item\":\"https:\/\/www.segurosgarroferals.es\/\"},{\"@type\":\"ListItem\",\"position\":2,\"name\":\"Garroferals ampl\u00eda su oferta y ya tramita seguros para patinetes el\u00e9ctricos\"}]},{\"@type\":\"Article\",\"@id\":\"https:\/\/www.segurosgarroferals.es\/index.php\/2025\/09\/15\/garroferals-amplia-su-oferta-y-ya-tramita-seguros-para-patinetes-electricos\/#article\",\"isPartOf\":{\"@id\":\"https:\/\/www.segurosgarroferals.es\/index.php\/2025\/09\/15\/garroferals-amplia-su-oferta-y-ya-tramita-seguros-para-patinetes-electricos\/#webpage\"},\"author\":{\"@id\":\"https:\/\/www.segurosgarroferals.es\/#\/schema\/person\/7deca95cd31f58a21191e5ce6f1976a4\"},\"headline\":\"Garroferals ampl\u00eda su oferta y ya tramita seguros para patinetes el\u00e9ctricos\",\"datePublished\":\"2025-09-15T08:15:36+00:00\",\"dateModified\":\"2025-09-15T08:15:37+00:00\",\"mainEntityOfPage\":{\"@id\":\"https:\/\/www.segurosgarroferals.es\/index.php\/2025\/09\/15\/garroferals-amplia-su-oferta-y-ya-tramita-seguros-para-patinetes-electricos\/#webpage\"},\"wordCount\":393,\"commentCount\":0,\"publisher\":{\"@id\":\"https:\/\/www.segurosgarroferals.es\/#organization\"},\"image\":{\"@id\":\"https:\/\/www.segurosgarroferals.es\/index.php\/2025\/09\/15\/garroferals-amplia-su-oferta-y-ya-tramita-seguros-para-patinetes-electricos\/#primaryimage\"},\"thumbnailUrl\":\"https:\/\/www.segurosgarroferals.es\/wp-content\/uploads\/2025\/09\/pexels-shvets-production-8972332-scaled.jpg\",\"articleSection\":[\"Noticias\"],\"inLanguage\":\"es\",\"potentialAction\":[{\"@type\":\"CommentAction\",\"name\":\"Comment\",\"target\":[\"https:\/\/www.segurosgarroferals.es\/index.php\/2025\/09\/15\/garroferals-amplia-su-oferta-y-ya-tramita-seguros-para-patinetes-electricos\/#respond\"]}]},{\"@type\":\"Person\",\"@id\":\"https:\/\/www.segurosgarroferals.es\/#\/schema\/person\/7deca95cd31f58a21191e5ce6f1976a4\",\"name\":\"admin\",\"image\":{\"@type\":\"ImageObject\",\"@id\":\"https:\/\/www.segurosgarroferals.es\/#personlogo\",\"inLanguage\":\"es\",\"url\":\"https:\/\/secure.gravatar.com\/avatar\/0ea8f1e0769b6334fb0580ba9354ad70?s=96&d=mm&r=g\",\"contentUrl\":\"https:\/\/secure.gravatar.com\/avatar\/0ea8f1e0769b6334fb0580ba9354ad70?s=96&d=mm&r=g\",\"caption\":\"admin\"},\"sameAs\":[\"http:\/\/www.segurosgarroferals.es\"],\"url\":\"https:\/\/www.segurosgarroferals.es\/index.php\/author\/admin\/\"}]}<\/script>\n<!-- \/ Yoast SEO plugin. -->","yoast_head_json":{"title":"Garroferals ampl\u00eda su oferta y ya tramita seguros para patinetes el\u00e9ctricos - Seguros Garroferals","robots":{"index":"index","follow":"follow","max-snippet":"max-snippet:-1","max-image-preview":"max-image-preview:large","max-video-preview":"max-video-preview:-1"},"canonical":"https:\/\/www.segurosgarroferals.es\/index.php\/2025\/09\/15\/garroferals-amplia-su-oferta-y-ya-tramita-seguros-para-patinetes-electricos\/","og_locale":"es_ES","og_type":"article","og_title":"Garroferals ampl\u00eda su oferta y ya tramita seguros para patinetes el\u00e9ctricos - Seguros Garroferals","og_description":"La movilidad urbana en Espa\u00f1a vive un punto de inflexi\u00f3n. A partir de enero de 2026, los propietarios de patinetes el\u00e9ctricos estar\u00e1n obligados a contar con un seguro de responsabilidad ...","og_url":"https:\/\/www.segurosgarroferals.es\/index.php\/2025\/09\/15\/garroferals-amplia-su-oferta-y-ya-tramita-seguros-para-patinetes-electricos\/","og_site_name":"Seguros Garroferals","article_published_time":"2025-09-15T08:15:36+00:00","article_modified_time":"2025-09-15T08:15:37+00:00","og_image":[{"width":1707,"height":2560,"url":"https:\/\/www.segurosgarroferals.es\/wp-content\/uploads\/2025\/09\/pexels-shvets-production-8972332-scaled.jpg","type":"image\/jpeg"}],"twitter_card":"summary_large_image","twitter_misc":{"Escrito por":"admin","Tiempo de lectura":"2 minutos"},"schema":{"@context":"https:\/\/schema.org","@graph":[{"@type":"Organization","@id":"https:\/\/www.segurosgarroferals.es\/#organization","name":"Garroferals Corredur\u00eda de Seguros S.L.","url":"https:\/\/www.segurosgarroferals.es\/","sameAs":["https:\/\/www.youtube.com\/channel\/UCFg2Q2t8AUAj9pOHvp6UaXw"],"logo":{"@type":"ImageObject","@id":"https:\/\/www.segurosgarroferals.es\/#logo","inLanguage":"es","url":"https:\/\/www.segurosgarroferals.es\/wp-content\/uploads\/2021\/01\/cropped-CABECERA-WEB-GARROFERALS-1-1.png","contentUrl":"https:\/\/www.segurosgarroferals.es\/wp-content\/uploads\/2021\/01\/cropped-CABECERA-WEB-GARROFERALS-1-1.png","width":314,"height":123,"caption":"Garroferals Corredur\u00eda de Seguros S.L."},"image":{"@id":"https:\/\/www.segurosgarroferals.es\/#logo"}},{"@type":"WebSite","@id":"https:\/\/www.segurosgarroferals.es\/#website","url":"https:\/\/www.segurosgarroferals.es\/","name":"Seguros Garroferals","description":"Corredur\u00eda de Seguros","publisher":{"@id":"https:\/\/www.segurosgarroferals.es\/#organization"},"potentialAction":[{"@type":"SearchAction","target":{"@type":"EntryPoint","urlTemplate":"https:\/\/www.segurosgarroferals.es\/?s={search_term_string}"},"query-input":"required name=search_term_string"}],"inLanguage":"es"},{"@type":"ImageObject","@id":"https:\/\/www.segurosgarroferals.es\/index.php\/2025\/09\/15\/garroferals-amplia-su-oferta-y-ya-tramita-seguros-para-patinetes-electricos\/#primaryimage","inLanguage":"es","url":"https:\/\/www.segurosgarroferals.es\/wp-content\/uploads\/2025\/09\/pexels-shvets-production-8972332-scaled.jpg","contentUrl":"https:\/\/www.segurosgarroferals.es\/wp-content\/uploads\/2025\/09\/pexels-shvets-production-8972332-scaled.jpg","width":1707,"height":2560},{"@type":"WebPage","@id":"https:\/\/www.segurosgarroferals.es\/index.php\/2025\/09\/15\/garroferals-amplia-su-oferta-y-ya-tramita-seguros-para-patinetes-electricos\/#webpage","url":"https:\/\/www.segurosgarroferals.es\/index.php\/2025\/09\/15\/garroferals-amplia-su-oferta-y-ya-tramita-seguros-para-patinetes-electricos\/","name":"Garroferals ampl\u00eda su oferta y ya tramita seguros para patinetes el\u00e9ctricos - Seguros Garroferals","isPartOf":{"@id":"https:\/\/www.segurosgarroferals.es\/#website"},"primaryImageOfPage":{"@id":"https:\/\/www.segurosgarroferals.es\/index.php\/2025\/09\/15\/garroferals-amplia-su-oferta-y-ya-tramita-seguros-para-patinetes-electricos\/#primaryimage"},"datePublished":"2025-09-15T08:15:36+00:00","dateModified":"2025-09-15T08:15:37+00:00","breadcrumb":{"@id":"https:\/\/www.segurosgarroferals.es\/index.php\/2025\/09\/15\/garroferals-amplia-su-oferta-y-ya-tramita-seguros-para-patinetes-electricos\/#breadcrumb"},"inLanguage":"es","potentialAction":[{"@type":"ReadAction","target":["https:\/\/www.segurosgarroferals.es\/index.php\/2025\/09\/15\/garroferals-amplia-su-oferta-y-ya-tramita-seguros-para-patinetes-electricos\/"]}]},{"@type":"BreadcrumbList","@id":"https:\/\/www.segurosgarroferals.es\/index.php\/2025\/09\/15\/garroferals-amplia-su-oferta-y-ya-tramita-seguros-para-patinetes-electricos\/#breadcrumb","itemListElement":[{"@type":"ListItem","position":1,"name":"Portada","item":"https:\/\/www.segurosgarroferals.es\/"},{"@type":"ListItem","position":2,"name":"Garroferals ampl\u00eda su oferta y ya tramita seguros para patinetes el\u00e9ctricos"}]},{"@type":"Article","@id":"https:\/\/www.segurosgarroferals.es\/index.php\/2025\/09\/15\/garroferals-amplia-su-oferta-y-ya-tramita-seguros-para-patinetes-electricos\/#article","isPartOf":{"@id":"https:\/\/www.segurosgarroferals.es\/index.php\/2025\/09\/15\/garroferals-amplia-su-oferta-y-ya-tramita-seguros-para-patinetes-electricos\/#webpage"},"author":{"@id":"https:\/\/www.segurosgarroferals.es\/#\/schema\/person\/7deca95cd31f58a21191e5ce6f1976a4"},"headline":"Garroferals ampl\u00eda su oferta y ya tramita seguros para patinetes el\u00e9ctricos","datePublished":"2025-09-15T08:15:36+00:00","dateModified":"2025-09-15T08:15:37+00:00","mainEntityOfPage":{"@id":"https:\/\/www.segurosgarroferals.es\/index.php\/2025\/09\/15\/garroferals-amplia-su-oferta-y-ya-tramita-seguros-para-patinetes-electricos\/#webpage"},"wordCount":393,"commentCount":0,"publisher":{"@id":"https:\/\/www.segurosgarroferals.es\/#organization"},"image":{"@id":"https:\/\/www.segurosgarroferals.es\/index.php\/2025\/09\/15\/garroferals-amplia-su-oferta-y-ya-tramita-seguros-para-patinetes-electricos\/#primaryimage"},"thumbnailUrl":"https:\/\/www.segurosgarroferals.es\/wp-content\/uploads\/2025\/09\/pexels-shvets-production-8972332-scaled.jpg","articleSection":["Noticias"],"inLanguage":"es","potentialAction":[{"@type":"CommentAction","name":"Comment","target":["https:\/\/www.segurosgarroferals.es\/index.php\/2025\/09\/15\/garroferals-amplia-su-oferta-y-ya-tramita-seguros-para-patinetes-electricos\/#respond"]}]},{"@type":"Person","@id":"https:\/\/www.segurosgarroferals.es\/#\/schema\/person\/7deca95cd31f58a21191e5ce6f1976a4","name":"admin","image":{"@type":"ImageObject","@id":"https:\/\/www.segurosgarroferals.es\/#personlogo","inLanguage":"es","url":"https:\/\/secure.gravatar.com\/avatar\/0ea8f1e0769b6334fb0580ba9354ad70?s=96&d=mm&r=g","contentUrl":"https:\/\/secure.gravatar.com\/avatar\/0ea8f1e0769b6334fb0580ba9354ad70?s=96&d=mm&r=g","caption":"admin"},"sameAs":["http:\/\/www.segurosgarroferals.es"],"url":"https:\/\/www.segurosgarroferals.es\/index.php\/author\/admin\/"}]}},"_links":{"self":[{"href":"https:\/\/www.segurosgarroferals.es\/index.php\/wp-json\/wp\/v2\/posts\/1841"}],"collection":[{"href":"https:\/\/www.segurosgarroferals.es\/index.php\/wp-json\/wp\/v2\/posts"}],"about":[{"href":"https:\/\/www.segurosgarroferals.es\/index.php\/wp-json\/wp\/v2\/types\/post"}],"author":[{"embeddable":true,"href":"https:\/\/www.segurosgarroferals.es\/index.php\/wp-json\/wp\/v2\/users\/1"}],"replies":[{"embeddable":true,"href":"https:\/\/www.segurosgarroferals.es\/index.php\/wp-json\/wp\/v2\/comments?post=1841"}],"version-history":[{"count":1,"href":"https:\/\/www.segurosgarroferals.es\/index.php\/wp-json\/wp\/v2\/posts\/1841\/revisions"}],"predecessor-version":[{"id":1845,"href":"https:\/\/www.segurosgarroferals.es\/index.php\/wp-json\/wp\/v2\/posts\/1841\/revisions\/1845"}],"wp:featuredmedia":[{"embeddable":true,"href":"https:\/\/www.segurosgarroferals.es\/index.php\/wp-json\/wp\/v2\/media\/1844"}],"wp:attachment":[{"href":"https:\/\/www.segurosgarroferals.es\/index.php\/wp-json\/wp\/v2\/media?parent=1841"}],"wp:term":[{"taxonomy":"category","embeddable":true,"href":"https:\/\/www.segurosgarroferals.es\/index.php\/wp-json\/wp\/v2\/categories?post=1841"},{"taxonomy":"post_tag","embeddable":true,"href":"https:\/\/www.segurosgarroferals.es\/index.php\/wp-json\/wp\/v2\/tags?post=1841"}],"curies":[{"name":"wp","href":"https:\/\/api.w.org\/{rel}","templated":true}]}}